{"id":1103,"date":"2023-01-26T15:03:53","date_gmt":"2023-01-26T15:03:53","guid":{"rendered":"https:\/\/prestigeportfolio.cz\/?p=1103"},"modified":"2025-01-29T15:52:53","modified_gmt":"2025-01-29T15:52:53","slug":"rano-si-davam-alkohol-jen-cvicne-rika-somelier-robert-vanecek","status":"publish","type":"post","link":"https:\/\/prestigeportfolio.cz\/index.php\/2023\/01\/26\/rano-si-davam-alkohol-jen-cvicne-rika-somelier-robert-vanecek\/","title":{"rendered":"R\u00e1no si d\u00e1v\u00e1m alkohol jen cvi\u010dn\u011b, \u0159\u00edk\u00e1 someli\u00e9r Robert Van\u011b\u010dek"},"content":{"rendered":"\t\t<div data-elementor-type=\"wp-post\" data-elementor-id=\"1103\" class=\"elementor elementor-1103\">\n\t\t\t\t\t\t<section class=\"elementor-section elementor-top-section elementor-element elementor-element-56663b4 elementor-section-boxed elementor-section-height-default elementor-section-height-default\" data-id=\"56663b4\" data-element_type=\"section\" data-e-type=\"section\">\n\t\t\t\t\t\t<div class=\"elementor-container elementor-column-gap-default\">\n\t\t\t\t\t<div class=\"elementor-column elementor-col-100 elementor-top-column elementor-element elementor-element-cce5888\" data-id=\"cce5888\" data-element_type=\"column\" data-e-type=\"column\">\n\t\t\t<div class=\"elementor-widget-wrap elementor-element-populated\">\n\t\t\t\t\t\t<div class=\"elementor-element elementor-element-a3deca7 elementor-widget elementor-widget-text-editor\" data-id=\"a3deca7\" data-element_type=\"widget\" data-e-type=\"widget\" data-widget_type=\"text-editor.default\">\n\t\t\t\t<div class=\"elementor-widget-container\">\n\t\t\t\t\t\t\t\t\t<p><strong>\u201eTo, co prod\u00e1v\u00e1m, r\u00e1d i piji. A je\u0161t\u011b tich\u00e1 v\u00edna a \u0161ampa\u0148sk\u00e9,\u201d<\/strong> \u0159\u00edk\u00e1 dopoledn\u00ed host R\u00e1dia ZET, someli\u00e9r <strong>Robert Van\u011b\u010dek<\/strong>. Krom\u011b someli\u00e9rstv\u00ed se v\u011bnuje i investic\u00edm do alkoholu, zejm\u00e9na do <strong>whisky a ko\u0148aku<\/strong>.<strong> \u201eR\u00e1no si ned\u00e1v\u00e1m, jenom cvi\u010dn\u011b, a kdy\u017e, tak za\u010d\u00edn\u00e1m a\u017e kolem 10. nebo 11. hodiny,\u201d<\/strong> \u0159\u00edk\u00e1 k po\u017e\u00edv\u00e1n\u00ed alkoholu.\u00a0<\/p>\t\t\t\t\t\t\t\t<\/div>\n\t\t\t\t<\/div>\n\t\t\t\t\t<\/div>\n\t\t<\/div>\n\t\t\t\t\t<\/div>\n\t\t<\/section>\n\t\t\t\t<section class=\"elementor-section elementor-top-section elementor-element elementor-element-4911770 elementor-section-boxed elementor-section-height-default elementor-section-height-default\" data-id=\"4911770\" data-element_type=\"section\" data-e-type=\"section\">\n\t\t\t\t\t\t<div class=\"elementor-container elementor-column-gap-default\">\n\t\t\t\t\t<div class=\"elementor-column elementor-col-100 elementor-top-column elementor-element elementor-element-c8a6967\" data-id=\"c8a6967\" data-element_type=\"column\" data-e-type=\"column\">\n\t\t\t<div class=\"elementor-widget-wrap elementor-element-populated\">\n\t\t\t\t\t\t<div class=\"elementor-element elementor-element-e3d4e7a elementor-button-info elementor-align-center elementor-widget elementor-widget-button\" data-id=\"e3d4e7a\" data-element_type=\"widget\" data-e-type=\"widget\" data-widget_type=\"button.default\">\n\t\t\t\t<div class=\"elementor-widget-container\">\n\t\t\t\t\t\t\t\t\t<div class=\"elementor-button-wrapper\">\n\t\t\t\t\t<a class=\"elementor-button elementor-button-link elementor-size-md\" href=\"https:\/\/www.radiozet.cz\/podcast\/rano-si-davam-alkohol-jen-cvicne-rika-somelier-robert-vanecek\">\n\t\t\t\t\t\t<span class=\"elementor-button-content-wrapper\">\n\t\t\t\t\t\t\t\t\t<span class=\"elementor-button-text\">R\u00e1dio ZET<\/span>\n\t\t\t\t\t<\/span>\n\t\t\t\t\t<\/a>\n\t\t\t\t<\/div>\n\t\t\t\t\t\t\t\t<\/div>\n\t\t\t\t<\/div>\n\t\t\t\t\t<\/div>\n\t\t<\/div>\n\t\t\t\t\t<\/div>\n\t\t<\/section>\n\t\t\t\t<\/div>\n\t\t","protected":false},"excerpt":{"rendered":"<p>\u201eTo, co prod\u00e1v\u00e1m, r\u00e1d i piji. A je\u0161t\u011b tich\u00e1 v\u00edna a \u0161ampa\u0148sk\u00e9,\u201d \u0159\u00edk\u00e1 dopoledn\u00ed host R\u00e1dia ZET, someli\u00e9r Robert Van\u011b\u010dek. Krom\u011b someli\u00e9rstv\u00ed [&hellip;]<\/p>\n","protected":false},"author":2,"featured_media":1104,"comment_status":"open","ping_status":"open","sticky":false,"template":"","format":"standard","meta":{"footnotes":""},"categories":[35],"tags":[],"class_list":["post-1103","post","type-post","status-publish","format-standard","has-post-thumbnail","hentry","category-radio-zet"],"_links":{"self":[{"href":"https:\/\/prestigeportfolio.cz\/index.php\/wp-json\/wp\/v2\/posts\/1103","targetHints":{"allow":["GET"]}}],"collection":[{"href":"https:\/\/prestigeportfolio.cz\/index.php\/wp-json\/wp\/v2\/posts"}],"about":[{"href":"https:\/\/prestigeportfolio.cz\/index.php\/wp-json\/wp\/v2\/types\/post"}],"author":[{"embeddable":true,"href":"https:\/\/prestigeportfolio.cz\/index.php\/wp-json\/wp\/v2\/users\/2"}],"replies":[{"embeddable":true,"href":"https:\/\/prestigeportfolio.cz\/index.php\/wp-json\/wp\/v2\/comments?post=1103"}],"version-history":[{"count":13,"href":"https:\/\/prestigeportfolio.cz\/index.php\/wp-json\/wp\/v2\/posts\/1103\/revisions"}],"predecessor-version":[{"id":1486,"href":"https:\/\/prestigeportfolio.cz\/index.php\/wp-json\/wp\/v2\/posts\/1103\/revisions\/1486"}],"wp:featuredmedia":[{"embeddable":true,"href":"https:\/\/prestigeportfolio.cz\/index.php\/wp-json\/wp\/v2\/media\/1104"}],"wp:attachment":[{"href":"https:\/\/prestigeportfolio.cz\/index.php\/wp-json\/wp\/v2\/media?parent=1103"}],"wp:term":[{"taxonomy":"category","embeddable":true,"href":"https:\/\/prestigeportfolio.cz\/index.php\/wp-json\/wp\/v2\/categories?post=1103"},{"taxonomy":"post_tag","embeddable":true,"href":"https:\/\/prestigeportfolio.cz\/index.php\/wp-json\/wp\/v2\/tags?post=1103"}],"curies":[{"name":"wp","href":"https:\/\/api.w.org\/{rel}","templated":true}]}}